{"id":120796,"date":"2025-03-10T17:43:10","date_gmt":"2025-03-10T16:43:10","guid":{"rendered":"https:\/\/fallas.com\/?p=120796"},"modified":"2025-03-10T18:45:09","modified_gmt":"2025-03-10T17:45:09","slug":"mascleta-dia-10-pirotecnia-turis","status":"publish","type":"post","link":"https:\/\/fallas.com\/va\/mascleta-dia-10-pirotecnia-turis\/","title":{"rendered":"Masclet\u00e0 dia 10: Pirot\u00e8cnia Tur\u00eds"},"content":{"rendered":"[vc_row type=&#8221;in_container&#8221; full_screen_row_position=&#8221;middle&#8221; column_margin=&#8221;default&#8221; column_direction=&#8221;default&#8221; column_direction_tablet=&#8221;default&#8221; column_direction_phone=&#8221;default&#8221; scene_position=&#8221;center&#8221; text_color=&#8221;dark&#8221; text_align=&#8221;left&#8221; row_border_radius=&#8221;none&#8221; row_border_radius_applies=&#8221;bg&#8221; overflow=&#8221;visible&#8221; overlay_strength=&#8221;0.3&#8243; gradient_direction=&#8221;left_to_right&#8221; shape_divider_position=&#8221;bottom&#8221; bg_image_animation=&#8221;none&#8221;][vc_column column_padding=&#8221;no-extra-padding&#8221; column_padding_tablet=&#8221;inherit&#8221; column_padding_phone=&#8221;inherit&#8221; column_padding_position=&#8221;all&#8221; column_element_direction_desktop=&#8221;default&#8221; column_element_spacing=&#8221;default&#8221; desktop_text_alignment=&#8221;default&#8221; tablet_text_alignment=&#8221;default&#8221; phone_text_alignment=&#8221;default&#8221; background_color_opacity=&#8221;1&#8243; background_hover_color_opacity=&#8221;1&#8243; column_backdrop_filter=&#8221;none&#8221; column_shadow=&#8221;none&#8221; column_border_radius=&#8221;none&#8221; column_link_target=&#8221;_self&#8221; column_position=&#8221;default&#8221; gradient_direction=&#8221;left_to_right&#8221; overlay_strength=&#8221;0.3&#8243; width=&#8221;1\/1&#8243; tablet_width_inherit=&#8221;default&#8221; animation_type=&#8221;default&#8221; bg_image_animation=&#8221;none&#8221; border_type=&#8221;simple&#8221; column_border_width=&#8221;none&#8221; column_border_style=&#8221;solid&#8221;][vc_column_text css=&#8221;&#8221; text_direction=&#8221;default&#8221;]\n<p style=\"text-align: justify;\">El tret de la masclet\u00e0 del 10 de mar\u00e7 ha sigut a c\u00e0rrec de Pirot\u00e8cnia Tur\u00eds, l&#8217;empresa d&#8217;esta poblaci\u00f3, fundada en 1984 per Vicente Cervera i Gaspar Guaita, que en l&#8217;actualitat \u00e9s dirigida pels fills dels dos, Gaspar i Vicente. A m\u00e9s, tenim el privilegi de disfrutar d&#8217;ells en la Pla\u00e7a de l&#8217;Ajuntament des de 2016, convertint-se des d&#8217;eixe moment en una de les cl\u00e0ssiques de cada cicle faller.<\/p>\n<p style=\"text-align: justify;\">\u2018En el cor de la pla\u00e7a\u2019 \u00e9s el nom d&#8217;esta masclet\u00e0 que ha comen\u00e7at amb traca valenciana i dos principis aeris tradicionals amb trons d&#8217;av\u00eds, serpentines i roncadores.<\/p>\n<p style=\"text-align: justify;\">La part central de la masclet\u00e0 l&#8217;han conformada cinc retencions terrestres amb trons de diversos calibres i acompanyament aeri, augmentant el ritme i la intensitat, fins a donar pas al terratr\u00e9mol, de quatre fases terrestres i bombardeig aeri de trons d&#8217;av\u00eds, que ha finalitzat amb el tret digital de volcans per tot el per\u00edmetre de la Pla\u00e7a i, finalment, un colp herm\u00e8tic.<\/p>\n<p style=\"text-align: justify;\">Al Balc\u00f3 de l&#8217;Ajuntament, les Falleres Majors de Val\u00e8ncia, Berta Peir\u00f3 i Luc\u00eda Garc\u00eda, acompanyades per les seues Corts d&#8217;Honor, de l&#8217;alcaldessa de la nostra ciutat, Mar\u00eda Jos\u00e9 Catal\u00e1, i Santi Ballester, regidor de Falles i president de Junta Central Fallera, han tornat a gaudir d&#8217;esta cita di\u00e0ria en la qual la p\u00f3lvora \u00e9s l&#8217;aut\u00e8ntica protagonista.<\/p>\n<p style=\"text-align: justify;\">A m\u00e9s, el \u201cBalc\u00f3\u201d de hui tamb\u00e9 ha comptat amb diversos convidats com l&#8217;equip del Llevant UE Femen\u00ed; Simoneta G\u00f3mez-Acebo; el Cap de l\u2019Estat Major del Quarter General Terrestre d\u2019Alta Disponibilitat; el director de la pel\u00b7l\u00edcula \u201cLa terra negra\u201d, Alberto Mor\u00e1is junt amb els actors i actrius Mar\u00eda Albi\u00f1ana, Abdelatif Abdeselam, Toni Miso, Bruno Tamarit i Rosana Pastor i alguns empresaris valencians.<\/p>\n<p style=\"text-align: justify;\">Tamb\u00e9 els representants de les falles: Pintor Pasqual Capuz-Fontanars, Enginyer Manuel Maese-Crist\u00f3bal Llorens, \u00a0Grup de Peixcadors del Perellonet, Vicent Sancho Tello-Xile, Marqu\u00e9s de Solferit, Santa Maria Micaela-Mart\u00ed l\u2019Hum\u00e0 i Xiva-Francisco de Llano, aix\u00ed com les Juntes Locals de Benet\u00fasser, Benicarl\u00f3, Benidorm, Benifai\u00f3, B\u00e9tera, Riba-roja i Sagunt.<\/p>\n[\/vc_column_text][\/vc_column][\/vc_row][vc_row type=&#8221;in_container&#8221; full_screen_row_position=&#8221;middle&#8221; column_margin=&#8221;default&#8221; column_direction=&#8221;default&#8221; column_direction_tablet=&#8221;default&#8221; column_direction_phone=&#8221;default&#8221; scene_position=&#8221;center&#8221; text_color=&#8221;dark&#8221; text_align=&#8221;left&#8221; row_border_radius=&#8221;none&#8221; row_border_radius_applies=&#8221;bg&#8221; overflow=&#8221;visible&#8221; overlay_strength=&#8221;0.3&#8243; gradient_direction=&#8221;left_to_right&#8221; shape_divider_position=&#8221;bottom&#8221; bg_image_animation=&#8221;none&#8221;][vc_column column_padding=&#8221;no-extra-padding&#8221; column_padding_tablet=&#8221;inherit&#8221; column_padding_phone=&#8221;inherit&#8221; column_padding_position=&#8221;all&#8221; column_element_direction_desktop=&#8221;default&#8221; column_element_spacing=&#8221;default&#8221; desktop_text_alignment=&#8221;default&#8221; tablet_text_alignment=&#8221;default&#8221; phone_text_alignment=&#8221;default&#8221; background_color_opacity=&#8221;1&#8243; background_hover_color_opacity=&#8221;1&#8243; column_backdrop_filter=&#8221;none&#8221; column_shadow=&#8221;none&#8221; column_border_radius=&#8221;none&#8221; column_link_target=&#8221;_self&#8221; column_position=&#8221;default&#8221; gradient_direction=&#8221;left_to_right&#8221; overlay_strength=&#8221;0.3&#8243; width=&#8221;1\/1&#8243; tablet_width_inherit=&#8221;default&#8221; animation_type=&#8221;default&#8221; bg_image_animation=&#8221;none&#8221; border_type=&#8221;simple&#8221; column_border_width=&#8221;none&#8221; column_border_style=&#8221;solid&#8221;][vc_gallery css=&#8221;&#8221; type=&#8221;nectarslider_style&#8221; images=&#8221;121188,121186,121184,121182,121180,121178,121176,121174,121172,121170,121168,121166,121164,121162,121160,121158,121156,121154,121152,121150,121148,121146,121144,121142,121140,121138,121136,121134,121132,121130,121128,121126,121124,121122,121120,121118,121116,121114,121112,121110,121108,121106,121104,121102,121100,121098,121096,121094,121092,121090,121088,121086,121084,121082,121079,121077,121075,121073,121071,121069,121067,121065,121063,121061,121059,121057,121055,121053,121051,121049,121047&#8243; image_loading=&#8221;default&#8221; ns_image_rendering=&#8221;default&#8221; ns_image_aspect_ratio=&#8221;16-9&#8243; bullet_navigation_style=&#8221;see_through&#8221; onclick=&#8221;link_image&#8221;][\/vc_column][\/vc_row][vc_row type=&#8221;in_container&#8221; full_screen_row_position=&#8221;middle&#8221; column_margin=&#8221;default&#8221; column_direction=&#8221;default&#8221; column_direction_tablet=&#8221;default&#8221; column_direction_phone=&#8221;default&#8221; scene_position=&#8221;center&#8221; text_color=&#8221;dark&#8221; text_align=&#8221;left&#8221; row_border_radius=&#8221;none&#8221; row_border_radius_applies=&#8221;bg&#8221; overflow=&#8221;visible&#8221; overlay_strength=&#8221;0.3&#8243; gradient_direction=&#8221;left_to_right&#8221; shape_divider_position=&#8221;bottom&#8221; bg_image_animation=&#8221;none&#8221;][vc_column column_padding=&#8221;no-extra-padding&#8221; column_padding_tablet=&#8221;inherit&#8221; column_padding_phone=&#8221;inherit&#8221; column_padding_position=&#8221;all&#8221; column_element_direction_desktop=&#8221;default&#8221; column_element_spacing=&#8221;default&#8221; desktop_text_alignment=&#8221;default&#8221; tablet_text_alignment=&#8221;default&#8221; phone_text_alignment=&#8221;default&#8221; background_color_opacity=&#8221;1&#8243; background_hover_color_opacity=&#8221;1&#8243; column_backdrop_filter=&#8221;none&#8221; column_shadow=&#8221;none&#8221; column_border_radius=&#8221;none&#8221; column_link_target=&#8221;_self&#8221; column_position=&#8221;default&#8221; gradient_direction=&#8221;left_to_right&#8221; overlay_strength=&#8221;0.3&#8243; width=&#8221;1\/1&#8243; tablet_width_inherit=&#8221;default&#8221; animation_type=&#8221;default&#8221; bg_image_animation=&#8221;none&#8221; border_type=&#8221;simple&#8221; column_border_width=&#8221;none&#8221; column_border_style=&#8221;solid&#8221;][vc_column_text css=&#8221;&#8221; text_direction=&#8221;default&#8221;]Fotografies: Fotofilmax (JCF)[\/vc_column_text][\/vc_column][\/vc_row]\n","protected":false},"excerpt":{"rendered":"<p>[vc_row type=&#8221;in_container&#8221; full_screen_row_position=&#8221;middle&#8221; column_margin=&#8221;default&#8221; column_direction=&#8221;default&#8221; column_direction_tablet=&#8221;default&#8221; column_direction_phone=&#8221;default&#8221; scene_position=&#8221;center&#8221; text_color=&#8221;dark&#8221; text_align=&#8221;left&#8221; row_border_radius=&#8221;none&#8221; row_border_radius_applies=&#8221;bg&#8221; overflow=&#8221;visible&#8221; overlay_strength=&#8221;0.3&#8243; gradient_direction=&#8221;left_to_right&#8221; shape_divider_position=&#8221;bottom&#8221; bg_image_animation=&#8221;none&#8221;][vc_column column_padding=&#8221;no-extra-padding&#8221; column_padding_tablet=&#8221;inherit&#8221; column_padding_phone=&#8221;inherit&#8221; column_padding_position=&#8221;all&#8221; column_element_direction_desktop=&#8221;default&#8221; column_element_spacing=&#8221;default&#8221; desktop_text_alignment=&#8221;default&#8221; tablet_text_alignment=&#8221;default&#8221; phone_text_alignment=&#8221;default&#8221; background_color_opacity=&#8221;1&#8243; background_hover_color_opacity=&#8221;1&#8243; column_backdrop_filter=&#8221;none&#8221; column_shadow=&#8221;none&#8221;&#8230;<\/p>\n","protected":false},"author":5,"featured_media":121139,"comment_status":"closed","ping_status":"closed","sticky":false,"template":"","format":"standard","meta":{"footnotes":""},"categories":[309],"tags":[],"class_list":{"0":"post-120796","1":"post","2":"type-post","3":"status-publish","4":"format-standard","5":"has-post-thumbnail","7":"category-noticias-va"},"_links":{"self":[{"href":"https:\/\/fallas.com\/va\/wp-json\/wp\/v2\/posts\/120796","targetHints":{"allow":["GET"]}}],"collection":[{"href":"https:\/\/fallas.com\/va\/wp-json\/wp\/v2\/posts"}],"about":[{"href":"https:\/\/fallas.com\/va\/wp-json\/wp\/v2\/types\/post"}],"author":[{"embeddable":true,"href":"https:\/\/fallas.com\/va\/wp-json\/wp\/v2\/users\/5"}],"replies":[{"embeddable":true,"href":"https:\/\/fallas.com\/va\/wp-json\/wp\/v2\/comments?post=120796"}],"version-history":[{"count":0,"href":"https:\/\/fallas.com\/va\/wp-json\/wp\/v2\/posts\/120796\/revisions"}],"wp:featuredmedia":[{"embeddable":true,"href":"https:\/\/fallas.com\/va\/wp-json\/wp\/v2\/media\/121139"}],"wp:attachment":[{"href":"https:\/\/fallas.com\/va\/wp-json\/wp\/v2\/media?parent=120796"}],"wp:term":[{"taxonomy":"category","embeddable":true,"href":"https:\/\/fallas.com\/va\/wp-json\/wp\/v2\/categories?post=120796"},{"taxonomy":"post_tag","embeddable":true,"href":"https:\/\/fallas.com\/va\/wp-json\/wp\/v2\/tags?post=120796"}],"curies":[{"name":"wp","href":"https:\/\/api.w.org\/{rel}","templated":true}]}}