{"id":124253,"date":"2025-03-15T20:55:13","date_gmt":"2025-03-15T19:55:13","guid":{"rendered":"https:\/\/fallas.com\/?p=124253"},"modified":"2025-03-15T20:55:13","modified_gmt":"2025-03-15T19:55:13","slug":"8-seccio-8-infantil","status":"publish","type":"post","link":"https:\/\/fallas.com\/va\/8-seccio-8-infantil\/","title":{"rendered":"8 &#8211; Secci\u00f3 8 Infantil"},"content":{"rendered":"[vc_row type=&#8221;in_container&#8221; full_screen_row_position=&#8221;middle&#8221; column_margin=&#8221;default&#8221; column_direction=&#8221;default&#8221; column_direction_tablet=&#8221;default&#8221; column_direction_phone=&#8221;default&#8221; scene_position=&#8221;center&#8221; text_color=&#8221;dark&#8221; text_align=&#8221;left&#8221; row_border_radius=&#8221;none&#8221; row_border_radius_applies=&#8221;bg&#8221; overflow=&#8221;visible&#8221; overlay_strength=&#8221;0.3&#8243; gradient_direction=&#8221;left_to_right&#8221; shape_divider_position=&#8221;bottom&#8221; bg_image_animation=&#8221;none&#8221;][vc_column column_padding=&#8221;no-extra-padding&#8221; column_padding_tablet=&#8221;inherit&#8221; column_padding_phone=&#8221;inherit&#8221; column_padding_position=&#8221;all&#8221; column_element_direction_desktop=&#8221;default&#8221; column_element_spacing=&#8221;default&#8221; desktop_text_alignment=&#8221;default&#8221; tablet_text_alignment=&#8221;default&#8221; phone_text_alignment=&#8221;default&#8221; background_color_opacity=&#8221;1&#8243; background_hover_color_opacity=&#8221;1&#8243; column_backdrop_filter=&#8221;none&#8221; column_shadow=&#8221;none&#8221; column_border_radius=&#8221;none&#8221; column_link_target=&#8221;_self&#8221; column_position=&#8221;default&#8221; gradient_direction=&#8221;left_to_right&#8221; overlay_strength=&#8221;0.3&#8243; width=&#8221;1\/1&#8243; tablet_width_inherit=&#8221;default&#8221; animation_type=&#8221;default&#8221; bg_image_animation=&#8221;none&#8221; border_type=&#8221;simple&#8221; column_border_width=&#8221;none&#8221; column_border_style=&#8221;solid&#8221;][vc_column_text css=&#8221;&#8221; text_direction=&#8221;default&#8221;]\n<p style=\"text-align: justify;\"><strong>Estes s\u00f3n les falles guanyadores secci\u00f3 8<\/strong><\/p>\n<p><strong>PREMIS <\/strong><\/p>\n<p>1r Premi a la Falla\u00a0\u00a0 308\u00a0 Mercat de Castella (David Ojeda)<\/p>\n<p>2n Premi a la Falla\u00a0\u00a0 273\u00a0 Regne de Val\u00e8ncia-Mestre Serrano (Sevior &amp; Priol Arts)<\/p>\n<p>3r Premi a la Falla\u00a0\u00a0 176\u00a0 Campanar-Hip\u00f2lit Rovira (Francisco Tarazona Garc\u00eda)<\/p>\n<p>4rt Premi a la Falla\u00a0\u00a0 352\u00a0 Poeta Emili Bar\u00f3-Enric Ginesta (Juan Jos\u00e9 Salom D\u00edaz)<\/p>\n<p>5\u00e9 Premi a la Falla\u00a0\u00a0 186\u00a0 Bisbe Jaume P\u00e9rez-Llu\u00eds Oliag (\u00c1ngel Navarro Requena)<\/p>\n<p>6\u00e9 Premi a la Falla\u00a0\u00a0 266\u00a0 Mendiz\u00e1bal (Vicente Dom\u00ednguez P\u00e9rez)<\/p>\n<p>7\u00e9 Premi a la Falla\u00a0\u00a0 239\u00a0 Peris i Valero-Cuba (Rodrigo Nu\u00f1ez L\u00f3pez)<\/p>\n<p>8\u00e9 Premi a la Falla\u00a0\u00a0 274\u00a0 Pla\u00e7a de la Tenda (Andr\u00e9s Garc\u00eda)<\/p>\n<p>9\u00e9 Premi a la Falla\u00a0\u00a0 102\u00a0 F\u00e8lix Pizcueta-Ciril Amor\u00f3s (Xaume Torrent Arenas)<\/p>\n<p>10\u00e9 Premi a la Falla\u00a0 292\u00a0 Mestre Arambul Sanz-Campanar (Mireya Vicente D\u00edaz)<\/p>\n<p><strong>PREMIS D&#8217;ENGINY I GR\u00c0CIA<\/strong><\/p>\n<p>1r Premi a la Falla\u00a0\u00a0 239\u00a0 Peris i Valero-Cuba (Rodrigo Nu\u00f1ez L\u00f3pez)<\/p>\n<p>2n Premi a la Falla\u00a0\u00a0 352\u00a0 Poeta Emili Bar\u00f3-Enric Ginesta (Juan Jos\u00e9 Salom D\u00edaz)<\/p>\n<p>3r Premi a la Falla\u00a0\u00a0 153\u00a0 Sant Pere-Mare de D\u00e9u de la Vallivana (Salvador Dolz Rubio)[\/vc_column_text][\/vc_column][\/vc_row]\n","protected":false},"excerpt":{"rendered":"<p>[vc_row type=&#8221;in_container&#8221; full_screen_row_position=&#8221;middle&#8221; column_margin=&#8221;default&#8221; column_direction=&#8221;default&#8221; column_direction_tablet=&#8221;default&#8221; column_direction_phone=&#8221;default&#8221; scene_position=&#8221;center&#8221; text_color=&#8221;dark&#8221; text_align=&#8221;left&#8221; row_border_radius=&#8221;none&#8221; row_border_radius_applies=&#8221;bg&#8221; overflow=&#8221;visible&#8221; overlay_strength=&#8221;0.3&#8243; gradient_direction=&#8221;left_to_right&#8221; shape_divider_position=&#8221;bottom&#8221; bg_image_animation=&#8221;none&#8221;][vc_column column_padding=&#8221;no-extra-padding&#8221; column_padding_tablet=&#8221;inherit&#8221; column_padding_phone=&#8221;inherit&#8221; column_padding_position=&#8221;all&#8221; column_element_direction_desktop=&#8221;default&#8221; column_element_spacing=&#8221;default&#8221; desktop_text_alignment=&#8221;default&#8221; tablet_text_alignment=&#8221;default&#8221; phone_text_alignment=&#8221;default&#8221; background_color_opacity=&#8221;1&#8243; background_hover_color_opacity=&#8221;1&#8243; column_backdrop_filter=&#8221;none&#8221; column_shadow=&#8221;none&#8221;&#8230;<\/p>\n","protected":false},"author":3,"featured_media":0,"comment_status":"closed","ping_status":"closed","sticky":false,"template":"","format":"standard","meta":{"footnotes":""},"categories":[680],"tags":[],"class_list":{"0":"post-124253","1":"post","2":"type-post","3":"status-publish","4":"format-standard","6":"category-premis-de-falla-infantils-2025"},"_links":{"self":[{"href":"https:\/\/fallas.com\/va\/wp-json\/wp\/v2\/posts\/124253","targetHints":{"allow":["GET"]}}],"collection":[{"href":"https:\/\/fallas.com\/va\/wp-json\/wp\/v2\/posts"}],"about":[{"href":"https:\/\/fallas.com\/va\/wp-json\/wp\/v2\/types\/post"}],"author":[{"embeddable":true,"href":"https:\/\/fallas.com\/va\/wp-json\/wp\/v2\/users\/3"}],"replies":[{"embeddable":true,"href":"https:\/\/fallas.com\/va\/wp-json\/wp\/v2\/comments?post=124253"}],"version-history":[{"count":0,"href":"https:\/\/fallas.com\/va\/wp-json\/wp\/v2\/posts\/124253\/revisions"}],"wp:attachment":[{"href":"https:\/\/fallas.com\/va\/wp-json\/wp\/v2\/media?parent=124253"}],"wp:term":[{"taxonomy":"category","embeddable":true,"href":"https:\/\/fallas.com\/va\/wp-json\/wp\/v2\/categories?post=124253"},{"taxonomy":"post_tag","embeddable":true,"href":"https:\/\/fallas.com\/va\/wp-json\/wp\/v2\/tags?post=124253"}],"curies":[{"name":"wp","href":"https:\/\/api.w.org\/{rel}","templated":true}]}}