{"id":124316,"date":"2025-03-15T20:57:43","date_gmt":"2025-03-15T19:57:43","guid":{"rendered":"https:\/\/fallas.com\/?p=124316"},"modified":"2025-03-15T20:57:43","modified_gmt":"2025-03-15T19:57:43","slug":"3-seccio-3-infantil","status":"publish","type":"post","link":"https:\/\/fallas.com\/va\/3-seccio-3-infantil\/","title":{"rendered":"3 &#8211; Secci\u00f3 3 Infantil"},"content":{"rendered":"[vc_row type=&#8221;in_container&#8221; full_screen_row_position=&#8221;middle&#8221; column_margin=&#8221;default&#8221; column_direction=&#8221;default&#8221; column_direction_tablet=&#8221;default&#8221; column_direction_phone=&#8221;default&#8221; scene_position=&#8221;center&#8221; text_color=&#8221;dark&#8221; text_align=&#8221;left&#8221; row_border_radius=&#8221;none&#8221; row_border_radius_applies=&#8221;bg&#8221; overflow=&#8221;visible&#8221; overlay_strength=&#8221;0.3&#8243; gradient_direction=&#8221;left_to_right&#8221; shape_divider_position=&#8221;bottom&#8221; bg_image_animation=&#8221;none&#8221;][vc_column column_padding=&#8221;no-extra-padding&#8221; column_padding_tablet=&#8221;inherit&#8221; column_padding_phone=&#8221;inherit&#8221; column_padding_position=&#8221;all&#8221; column_element_direction_desktop=&#8221;default&#8221; column_element_spacing=&#8221;default&#8221; desktop_text_alignment=&#8221;default&#8221; tablet_text_alignment=&#8221;default&#8221; phone_text_alignment=&#8221;default&#8221; background_color_opacity=&#8221;1&#8243; background_hover_color_opacity=&#8221;1&#8243; column_backdrop_filter=&#8221;none&#8221; column_shadow=&#8221;none&#8221; column_border_radius=&#8221;none&#8221; column_link_target=&#8221;_self&#8221; column_position=&#8221;default&#8221; gradient_direction=&#8221;left_to_right&#8221; overlay_strength=&#8221;0.3&#8243; width=&#8221;1\/1&#8243; tablet_width_inherit=&#8221;default&#8221; animation_type=&#8221;default&#8221; bg_image_animation=&#8221;none&#8221; border_type=&#8221;simple&#8221; column_border_width=&#8221;none&#8221; column_border_style=&#8221;solid&#8221;][vc_column_text css=&#8221;&#8221; text_direction=&#8221;default&#8221;]\n<p style=\"text-align: justify;\"><strong>Estes s\u00f3n les falles guanyadores secci\u00f3 3<\/strong><\/p>\n<p><strong>PREMIS <\/strong><\/p>\n<p>1r Premi a la Falla\u00a0\u00a0\u00a0\u00a0\u00a0 9\u00a0 Na Jordana (Jos\u00e9 Luis Platero Cos\u00ed)<\/p>\n<p>2n Premi a la Falla\u00a0\u00a0\u00a0 49\u00a0 Barraca-Espad\u00e0 (Alejandro L\u00f3pez S\u00e1nchez)<\/p>\n<p>3r Premi a la Falla\u00a0\u00a0\u00a0 31\u00a0 Lo Rat Penat (Alejandro Rubio Capella)<\/p>\n<p>4rt Premi a la Falla\u00a0\u00a0 289\u00a0 Isabel la Cat\u00f2lica-Ciril Amor\u00f3s (Zvonimir Ostoic SL)<\/p>\n<p>5\u00e9 Premi a la Falla\u00a0\u00a0\u00a0 59\u00a0 Aras de Alpuente-Castell de Pop (Miriam Garc\u00eda Sandemetrio)<\/p>\n<p>6\u00e9 Premi a la Falla\u00a0\u00a0 392\u00a0 Blas G\u00e1mez &#8211; \u00c1ngel Villena (Fran Tarazona)<\/p>\n<p>7\u00e9 Premi a la Falla\u00a0\u00a0 151\u00a0 Just Vilar-Mercat del Cabanyal (Vicente Dom\u00ednguez P\u00e9rez)<\/p>\n<p>8\u00e9 Premi a la Falla\u00a0\u00a0 140\u00a0 Sant Josep de la Muntanya-Terol (Jos\u00e9 Fuster Garc\u00eda)<\/p>\n<p>9\u00e9 Premi a la Falla\u00a0\u00a0 228\u00a0 Arquitecte Alfaro-Francesc Cubells (Kuebien Valencia, SLU)<\/p>\n<p>10\u00e9 Premi a la Falla\u00a0 291\u00a0 Jer\u00f3nima Gal\u00e9s-Lit\u00f2graf Pascual i Abad (Antonio Verdugo Ballester)<\/p>\n<p>11\u00e9 Premi a la Falla\u00a0 300\u00a0 Santa Maria Micaela-Mart\u00ed l&#8217;Hum\u00e0 (Mou)<\/p>\n<p>12\u00e9 Premi a la Falla\u00a0\u00a0\u00a0 68\u00a0 Conserva-Berenguer Mallol (Salvador Dolz Rubio)<\/p>\n<p>13\u00e9 Premi a la Falla\u00a0 214\u00a0 Crist\u00f2fol Sorn\u00ed-Mestre Ferran Mart\u00ed (Kuebien Valencia, SLU)<\/p>\n<p>14\u00e9 Premi a la Falla\u00a0 377\u00a0 Avinguda de Fran\u00e7a-Alfred Toran i Olmos (Carlos Herrero Muria)<\/p>\n<p>15\u00e9 Premi a la Falla\u00a0\u00a0\u00a0 86\u00a0 Blocs Platja (V\u00edctor Hugo Giner)<\/p>\n<p><strong>PREMIS D&#8217;ENGINY I GR\u00c0CIA<\/strong><\/p>\n<p>1r Premi a la Falla\u00a0\u00a0 392\u00a0 Blas G\u00e1mez &#8211; \u00c1ngel Villena (Fran Tarazona)<\/p>\n<p>2n Premi a la Falla\u00a0\u00a0 140\u00a0 Sant Josep de la Muntanya-Terol (Jos\u00e9 Fuster Garc\u00eda)<\/p>\n<p>3r Premi a la Falla\u00a0\u00a0 151\u00a0 Just Vilar-Mercat del Cabanyal (Vicente Dom\u00ednguez P\u00e9rez)[\/vc_column_text][\/vc_column][\/vc_row]\n","protected":false},"excerpt":{"rendered":"<p>[vc_row type=&#8221;in_container&#8221; full_screen_row_position=&#8221;middle&#8221; column_margin=&#8221;default&#8221; column_direction=&#8221;default&#8221; column_direction_tablet=&#8221;default&#8221; column_direction_phone=&#8221;default&#8221; scene_position=&#8221;center&#8221; text_color=&#8221;dark&#8221; text_align=&#8221;left&#8221; row_border_radius=&#8221;none&#8221; row_border_radius_applies=&#8221;bg&#8221; overflow=&#8221;visible&#8221; overlay_strength=&#8221;0.3&#8243; gradient_direction=&#8221;left_to_right&#8221; shape_divider_position=&#8221;bottom&#8221; bg_image_animation=&#8221;none&#8221;][vc_column column_padding=&#8221;no-extra-padding&#8221; column_padding_tablet=&#8221;inherit&#8221; column_padding_phone=&#8221;inherit&#8221; column_padding_position=&#8221;all&#8221; column_element_direction_desktop=&#8221;default&#8221; column_element_spacing=&#8221;default&#8221; desktop_text_alignment=&#8221;default&#8221; tablet_text_alignment=&#8221;default&#8221; phone_text_alignment=&#8221;default&#8221; background_color_opacity=&#8221;1&#8243; background_hover_color_opacity=&#8221;1&#8243; column_backdrop_filter=&#8221;none&#8221; column_shadow=&#8221;none&#8221;&#8230;<\/p>\n","protected":false},"author":3,"featured_media":0,"comment_status":"closed","ping_status":"closed","sticky":false,"template":"","format":"standard","meta":{"footnotes":""},"categories":[680],"tags":[],"class_list":{"0":"post-124316","1":"post","2":"type-post","3":"status-publish","4":"format-standard","6":"category-premis-de-falla-infantils-2025"},"_links":{"self":[{"href":"https:\/\/fallas.com\/va\/wp-json\/wp\/v2\/posts\/124316","targetHints":{"allow":["GET"]}}],"collection":[{"href":"https:\/\/fallas.com\/va\/wp-json\/wp\/v2\/posts"}],"about":[{"href":"https:\/\/fallas.com\/va\/wp-json\/wp\/v2\/types\/post"}],"author":[{"embeddable":true,"href":"https:\/\/fallas.com\/va\/wp-json\/wp\/v2\/users\/3"}],"replies":[{"embeddable":true,"href":"https:\/\/fallas.com\/va\/wp-json\/wp\/v2\/comments?post=124316"}],"version-history":[{"count":0,"href":"https:\/\/fallas.com\/va\/wp-json\/wp\/v2\/posts\/124316\/revisions"}],"wp:attachment":[{"href":"https:\/\/fallas.com\/va\/wp-json\/wp\/v2\/media?parent=124316"}],"wp:term":[{"taxonomy":"category","embeddable":true,"href":"https:\/\/fallas.com\/va\/wp-json\/wp\/v2\/categories?post=124316"},{"taxonomy":"post_tag","embeddable":true,"href":"https:\/\/fallas.com\/va\/wp-json\/wp\/v2\/tags?post=124316"}],"curies":[{"name":"wp","href":"https:\/\/api.w.org\/{rel}","templated":true}]}}