{"id":214569,"date":"2026-04-27T09:41:48","date_gmt":"2026-04-27T08:41:48","guid":{"rendered":"https:\/\/www.fallas.com\/?p=214569"},"modified":"2026-04-27T09:41:48","modified_gmt":"2026-04-27T08:41:48","slug":"artesania-i-tradicio-per-a-la-indumentaria-oficial-de-les-ffmmv-i-cchh-2027","status":"publish","type":"post","link":"https:\/\/fallas.com\/va\/artesania-i-tradicio-per-a-la-indumentaria-oficial-de-les-ffmmv-i-cchh-2027\/","title":{"rendered":"Artesania i tradici\u00f3 per a la indument\u00e0ria oficial de les FFMMV i CCHH 2027"},"content":{"rendered":"[vc_row type=&#8221;in_container&#8221; full_screen_row_position=&#8221;middle&#8221; column_margin=&#8221;default&#8221; column_direction=&#8221;default&#8221; column_direction_tablet=&#8221;default&#8221; column_direction_phone=&#8221;default&#8221; scene_position=&#8221;center&#8221; text_color=&#8221;dark&#8221; text_align=&#8221;left&#8221; row_border_radius=&#8221;none&#8221; row_border_radius_applies=&#8221;bg&#8221; overflow=&#8221;visible&#8221; overlay_strength=&#8221;0.3&#8243; gradient_direction=&#8221;left_to_right&#8221; shape_divider_position=&#8221;bottom&#8221; bg_image_animation=&#8221;none&#8221;][vc_column column_padding=&#8221;no-extra-padding&#8221; column_padding_tablet=&#8221;inherit&#8221; column_padding_phone=&#8221;inherit&#8221; column_padding_position=&#8221;all&#8221; column_element_direction_desktop=&#8221;default&#8221; column_element_spacing=&#8221;default&#8221; desktop_text_alignment=&#8221;default&#8221; tablet_text_alignment=&#8221;default&#8221; phone_text_alignment=&#8221;default&#8221; background_color_opacity=&#8221;1&#8243; background_hover_color_opacity=&#8221;1&#8243; column_backdrop_filter=&#8221;none&#8221; column_shadow=&#8221;none&#8221; column_border_radius=&#8221;none&#8221; column_link_target=&#8221;_self&#8221; column_position=&#8221;default&#8221; gradient_direction=&#8221;left_to_right&#8221; overlay_strength=&#8221;0.3&#8243; width=&#8221;1\/1&#8243; tablet_width_inherit=&#8221;default&#8221; animation_type=&#8221;default&#8221; bg_image_animation=&#8221;none&#8221; border_type=&#8221;simple&#8221; column_border_width=&#8221;none&#8221; column_border_style=&#8221;solid&#8221;][vc_column_text css=&#8221;&#8221; text_direction=&#8221;default&#8221;]Junta Central Fallera ja ha publicat la licitaci\u00f3 p\u00fablica perqu\u00e8 les empreses i professionals de la indument\u00e0ria valenciana tinguen l\u2019oportunitat de convertir-se en indumentaristes oficials de les Falleres Majors de Val\u00e8ncia i Corts d\u2019Honor 2027. Un contracte que es divideix en 14 lots diferenciats, dos m\u00e9s que l\u2019any passat, per a vestir a les m\u00e0ximes representants de les Falles. Enguany s\u2019afegeixen dos nous lots per a la confecci\u00f3 dels gipons negres que tindran el seu lot corresponent tant per a les majors com per a les menudes. Amb tot a\u00e7\u00f2, el total de diners que es destinaran a la indument\u00e0ria de les nostres m\u00e0ximes representants ser\u00e0 de 134.950,81 euros, el que suposa un increment del 8% respecte a la inversi\u00f3 de l\u2019any anterior.<\/p>\n<p>Pel que fa al primer lot, es tracta del subministrament de les teles oficials per a la Fallera Major de Val\u00e8ncia i la seua Cort d\u2019Honor. Un lot que t\u00e9 un preu estimat de 14.644,63\u20ac i que consisteix en l\u2019adquisici\u00f3 de les diferents teles dels dos vestits oficials, aix\u00ed com les teles corresponents als gipons de m\u00e0nega llarga del primer vestit oficial i a les dels gipons negres de les dotze components de la Cort d&#8217;Honor i, per descomptat, del segon vestit oficial de la Fallera Major de Val\u00e8ncia i el seu gip\u00f3 negre. A m\u00e9s, entre les caracter\u00edstiques demanades, la tela del segon vestit oficial de la m\u00e0xima representant de la festa haur\u00e0 de ser una seda amb certificat de Seda Val\u00e8ncia en el moment del lliurament. D\u2019altra banda, la tela del primer vestit oficial de la Cort d&#8217;Honor de la Fallera Major de Val\u00e8ncia ser\u00e0 de seda, amb dibuix sim\u00e8tric i tamb\u00e9 amb certificat de Seda Val\u00e8ncia.<\/p>\n<p>Per als segons vestits oficials, la qualitat ser\u00e0 de rai\u00f3 i amb dibuix sim\u00e8tric o asim\u00e8tric. Cal recordar que, com \u00e9s tradicional, per a cadascun dels vestits les teles hauran de tindre el mateix disseny i color entre cadascuna de les sis parelles que componen la Cort d&#8217;Honor, o b\u00e9 un mateix color de fons, combinant els colors de la trama i el dibuix per parelles. L\u2019empresa haur\u00e0 d\u2019oferir almenys 10 colors dels que eixiran triats els que finalment portaran les m\u00e0ximes representants de les Falles.<\/p>\n<p>Tanmateix, la tela per al gip\u00f3 llis del primer vestit oficial de la Cort d&#8217;Honor de la Fallera Major de Val\u00e8ncia ser\u00e0 de seda amb certificat de Seda Val\u00e8ncia mentre que el teixit per al gip\u00f3 negre ser\u00e0 de rai\u00f3 amb aspecte llis o brocat. A m\u00e9s, es reservaran 50cm de tela per a la confecci\u00f3 de les sabates i l\u2019empresa haur\u00e0 d&#8217;estar acreditada com a empresa artesanal de la Comunitat Valenciana, amb el seu corresponent certificat. La data d\u2019entrega ser\u00e0, com a m\u00e0xim, la primera quinzena d\u2019octubre per al segon vestit oficial i la segona quinzena del mateix mes per a les teles del primer vestit oficial.<\/p>\n<p>Pel que fa al segon lot, fa refer\u00e8ncia al subministrament de les teles oficials per a la Fallera Major Infantil de Val\u00e8ncia i la seua Cort d\u2019Honor i t\u00e9 la mateixa dotaci\u00f3 econ\u00f2mica que el lot anterior, 14.644,63\u20ac. Com en el cas de les majors, este lot consisteix en l\u2019adquisici\u00f3 de les teles que corresponen als dos vestits oficials, aix\u00ed com les dels gipons de m\u00e0nega llarga del primer vestit oficial i les dels gipons negres de les dotze components de la Cort d&#8217;Honor Infantil i, per descomptat, del segon vestit oficial de la Fallera Major Infantil de Val\u00e8ncia i el seu gip\u00f3 negre. Entre les caracter\u00edstiques demanades, les mateixes que en el lot 1, la tela del segon vestit oficial de la m\u00e0xima representant infantil de la festa haur\u00e0 de ser una seda amb certificat de Seda Val\u00e8ncia en el moment del lliurament mentre que la tela del primer vestit oficial de la Cort d&#8217;Honor de la Fallera Major de Val\u00e8ncia ser\u00e0 de seda, en este cas de doble ampl\u00e0ria, amb dibuix sim\u00e8tric i tamb\u00e9 amb certificat de Seda Val\u00e8ncia.<\/p>\n<p>Pel que fa als segons vestits oficials, la qualitat ser\u00e0 de rai\u00f3 i amb dibuix sim\u00e8tric o asim\u00e8tric, organitzats per parelles i on s\u2019oferiran tamb\u00e9 10 colors dels que eixiran triats els que finalment portaran les m\u00e0ximes representants infantils de les Falles. Tamb\u00e9 com en el cas del lot 1, la tela per al gip\u00f3 llis del primer vestit oficial de la Cort d&#8217;Honor de la Fallera Major Infantil de Val\u00e8ncia ser\u00e0 de seda amb certificat de Seda Val\u00e8ncia mentre que el teixit per al gip\u00f3 negre ser\u00e0 de rai\u00f3 amb aspecte llis o brocat. A m\u00e9s, es reservaran 50cm de tela per a la confecci\u00f3 de les sabates i l\u2019empresa estar\u00e0 acreditada com a empresa artesanal de la Comunitat Valenciana, amb el seu corresponent certificat d&#8217;artesania. Les dates d\u2019entrega, com en el cas de les majors, seran com a m\u00e0xim la primera quinzena d\u2019octubre per al segon vestit oficial i la segona quinzena del mateix mes per a les teles del primer vestit oficial.<\/p>\n<p>Els seg\u00fcents lots, el 3 i el 4, estan dedicats a les manteletes. El n\u00famero 3 a les manteletes dels primers vestits oficials de les 26 i que t\u00e9 com a dotaci\u00f3 econ\u00f2mica 10.531,84\u20ac. Entre les caracter\u00edstiques demanades, que siguen de fil daurat amb lluent\u00f3 daurat i fetes de tul cristall, tul de cot\u00f3, organza o organza de seda, amb brodat de cadeneta o de repuntet, sent les de les Falleres Majors de Val\u00e8ncia les de qualitat superior. A m\u00e9s, s\u2019haur\u00e0 d\u2019incloure un segon pic per al cos de m\u00e0nega llarga del primer vestit oficial i la data m\u00e0xima per al seu lliurament ser\u00e0 la primera quinzena de gener de 2027.<\/p>\n<p>En el cas del lot 4, es tracta de les manteletes dels segons vestits oficials de les m\u00e0ximes representants de les Falles, dotat amb 8722,65\u20ac. En este cas, les manteletes podran ser de batista, batista fina, tul cristall, tul de cot\u00f3, organza o organza de seda, amb brodat de cadeneta o de repuntet i combinat amb encaixos i puntes, sent les de les Falleres Majors de Val\u00e8ncia les de qualitat superior. Com en el lot 3, s&#8217;inclour\u00e0 el segon pic de les manteletes per al cos de m\u00e0nega llarga i es lliuraran com a m\u00e0xim a la primera quinzena de gener de 2027.<\/p>\n<p>El lot n\u00famero 5 fa refer\u00e8ncia a les sabates oficials de les Falleres Majors de Val\u00e8ncia i les seues Corts d\u2019Honor, un lot amb una dotaci\u00f3 de 6.292\u20ac. Pel que fa als models demanats, per al primer vestit ser\u00e0 un disseny cl\u00e0ssic tipus sal\u00f3 amb lla\u00e7 sabater, folrats amb la tela dels vestits oficials i amb un tac\u00f3 de 3 cm per a la CHFMIV i la FMIV, i de 5-6 cm per a la CHFMV i la FMV. Per als segons vestits oficials, el disseny ser\u00e0 de tipus abotinat o lligat amb la mateixa altura de tac\u00f3. Totes les sabates hauran d\u2019estar llestes per a la primera quinzena de gener de 2027, l\u2019interior ser\u00e0 de pell i portaran plantes interiors embuatades per a major comoditat.<\/p>\n<p>D\u2019altra banda, els lots 6,7,8 i 9\u00a0 s\u00f3n els corresponents a la confecci\u00f3 dels diferents vestits. El lot 6 \u00e9s per a la confecci\u00f3 del primer vestit oficial de la Fallera Major de Val\u00e8ncia i la seua Cort d\u2019Honor amb una dotaci\u00f3 econ\u00f2mica de 12.743,66\u20ac. En este cas, s\u2019inclou tant la confecci\u00f3 del primer vestit del segle XIX com del gip\u00f3 de m\u00e0nega llarga. Tots dos confeccionats d&#8217;acord amb la tradici\u00f3 i el respecte a la indument\u00e0ria tradicional valenciana i amb unes caracter\u00edstiques definides com s\u00f3n la llarg\u00e0ria de les faldes, que hauran de quedar entre 12 i 13 cm de terra o les caigudes, que seran de sis caigudes de tela per a les teles estretes i, en el cas de les teles de doble ample, s&#8217;utilitzaran dos caigudes i mitja. Pel que fa a les m\u00e0negues del primer vestit, es demana que no siguen ni molt llargues ni excessivament curtes i que porten el\u00e0stic per a major comoditat. La data de lliurament tant dels primers vestits oficials com dels corresponents gipons de m\u00e0nega llarga ser\u00e0, com a m\u00e0xim, la primera quinzena de gener de 2027.<\/p>\n<p>Tanmateix, representants de Junta Central Fallera, acompanyats d\u2019un perit expert en la mat\u00e8ria, estaran pendents de les tasques de confecci\u00f3 i l\u2019empresa haur\u00e0 d\u2019assumir tots els arranjaments fins a la finalitzaci\u00f3 del regnat de les m\u00e0ximes representants de les Falles i tindre el certificat com a empresa artesanal de la Comunitat Valenciana.<\/p>\n<p>El lot 7 tracta de la confecci\u00f3 del segon vestit oficial de la Fallera Major de Val\u00e8ncia i la seua Cort d\u2019Honor i que t\u00e9 una dotaci\u00f3 econ\u00f2mica de 13.310,73\u20ac. La confecci\u00f3 haur\u00e0 de fer-se d&#8217;acord amb la tradici\u00f3 i el respecte a la indument\u00e0ria tradicional valenciana i amb unes caracter\u00edstiques definides. De fet, es valorar\u00e0 positivament la reproducci\u00f3 de models hist\u00f2rics acreditats.<\/p>\n<p>S\u2019haur\u00e0 de tindre en compte que la falda haur\u00e0 de poder ser portada tant amb el gip\u00f3 negre, per dins i per fora, com amb el del segle XVIII, aix\u00ed que haur\u00e0 d\u2019acoblar-se a les dos mesures. Les caigudes seran exactament les mateixes que en el cas del lot 6 i la falda estar\u00e0 a aproximadament uns 14 cm de terra. La data de lliurament dels segons vestits oficials ser\u00e0, com a m\u00e0xim, la primera quinzena de gener de 2027. Tanmateix, representants de Junta Central Fallera, acompanyats d\u2019un perit expert en la mat\u00e8ria, estaran pendents de les tasques de confecci\u00f3 i l\u2019empresa haur\u00e0 d\u2019assumir tots els arranjaments fins a la finalitzaci\u00f3 del regnat de les m\u00e0ximes representants de les Falles i tindre el certificat com a empresa artesanal de la Comunitat Valenciana.<\/p>\n<p>El lot 8 correspon a la confecci\u00f3 del primer vestit oficial de la Fallera Major Infantil de Val\u00e8ncia i la seua Cort d\u2019Honor dotat amb 13.213,2\u20ac. En este cas, s\u2019inclou tant la confecci\u00f3 del primer vestit del segle XIX com del gip\u00f3 de m\u00e0nega llarga i tant les caracter\u00edstiques de la confecci\u00f3 com les dates de lliurament s\u00f3n exactament les mateixes que en el cas del lot 6. D\u2019altra banda, el lot 9 \u00e9s per a la confecci\u00f3 del segon vestit oficial de la Fallera Major Infantil de Val\u00e8ncia i la seua Cort d\u2019Honor valorat en 13.779,48\u20ac i exactament amb les mateixes caracter\u00edstiques i obligacions que en el cas del lot n\u00famero 7.<\/p>\n<p>Si parlem del lot 10, este correspon a la confecci\u00f3 dels gipons negres de la Fallera Major de Val\u00e8ncia i la seua Cort d\u2019Honor. El gip\u00f3 negre del segon vestit haur\u00e0 d\u2019estar realitzat a partir d\u2019un model tradicional de gip\u00f3 de valenciana del segle XVIII, amb patr\u00f3 tradicional. Tindr\u00e0 una m\u00e0nega ajustada fins al colze i cosset per fora de la falda i es valorar\u00e0 positivament la reproducci\u00f3 de models hist\u00f2rics documentats. Una confecci\u00f3 que haur\u00e0 d\u2019incloure els forros, entreteles i cintes. La data d\u2019entrega ser\u00e0 durant la primera quinzena de gener de 2027. Aix\u00ed mateix, caldr\u00e0 assumir tots els arranjaments que necessiten les peces fins al final del regnat de les m\u00e0ximes representants de la festa.<\/p>\n<p>D\u2019altra banda, el lot 11 correspon a la confecci\u00f3 dels gipons negres de la Fallera Major Infantil de Val\u00e8ncia i la seua Cort d\u2019Honor i t\u00e9 tant la mateixa dotaci\u00f3 econ\u00f2mica com les mateixes caracter\u00edstiques que el lot 10, aix\u00f2 s\u00ed, cal tindr\u00e9 en compte en este cas deixar tela pel possible creixement de les m\u00e9s menudes durant l\u2019any de regnat.<\/p>\n<p>El lot 12 correspon a la postisseria i t\u00e9 un preu estimat de \u00a04561,70\u20ac. Este lot comprendr\u00e0 un joc de malles i un joc de rodets per a cadascuna les dos Falleres Majors de Val\u00e8ncia i per a les vint-i-quatre components de les Corts d&#8217;Honor. El material haur\u00e0 de ser p\u00e8l natural i tindre una garantia de qualitat d&#8217;un any, elaborats a m\u00e0 sobre cord\u00f3 de cot\u00f3 de qualitat perqu\u00e8 puga ser prou flexible.<\/p>\n<p>A m\u00e9s, la quantitat de malles que haur\u00e0 de portar cada trossa posterior ser\u00e0 de 8-9 malles i amb un color el m\u00e9s semblant possible al cabell natural de cadascuna. La data de lliurament definitiu ser\u00e0, com a m\u00e0xim, la primera quinzena de gener de 2027 i hauran de comprometre\u2019s al manteniment d&#8217;estes o la seua substituci\u00f3 si fora necessari.<\/p>\n<p>D\u2019altra banda, el lot 13 correspon al subministrament de les pintes oficials de les Falleres Majors de Val\u00e8ncia i les seues Corts d\u2019Honor. Amb una dotaci\u00f3 de 8.494,20\u20ac fa refer\u00e8ncia tant a les pintes del primer vestit com a les del segon. En el cas de les pintes del primer vestit oficial seran banyades en or i retallades en forma de pues i que podran estar fetes amb la t\u00e8cnica del cisellat, el repujat o la flor d&#8217;aigua (preferiblement sense calats). Els materials que s&#8217;utilitzaran seran materials nobles, com la plata sobredaurada o el llaut\u00f3 sobredaurat tenint com a terminacions la lluentor o semi-lluentor. Pel que fa a les mesures aproximades seran d\u2019una altura entre 12 i 14 cm amb un ample entre 16 i 18 cm per a les posteriors i de 4,5-5,5 cm d\u2019altura i 7,5-8,5 cm d\u2019ample per a les laterals.<\/p>\n<p>Pel que fa a les pintes del segon vestit oficial, tindran les mateixes mesures i caracter\u00edstiques pel que fa al material per\u00f2 hauran d\u2019estar fabricades amb la t\u00e8cnica de flor d&#8217;aigua (estil Segle XVIII) i preferiblement sense calats. L\u2019\u00fanica prefer\u00e8ncia, que no obligaci\u00f3, \u00e9s que les pintes laterals siguen corbes per al primer vestit i rectes per al segon. La data de lliurament dels dos jocs de pintes ser\u00e0, com a m\u00e0xim, la primera quinzena de gener de 2027.<\/p>\n<p>Per \u00faltim, el lot 14 fa refer\u00e8ncia a les mantellines i t\u00e9 una dotaci\u00f3 de 5.203\u20ac. En este cas, les Falleres Majors de Val\u00e8ncia triaran elles mateixes les seues mantellines a partir d&#8217;un mostrari. La seua forma haur\u00e0 de ser de mitja lluna, tovallola, tres pics o dengue i els colors hauran de ser en color ivori o cru, brodades sobre tul o organza en fil de seda blanc o ivori i fetes a m\u00e0.<\/p>\n<p>Respecte als motius decoratius, la majoria de models amb brodats seran de cadeneta, per\u00f2 tamb\u00e9 poden ser amb encaix de blonda, encaix de magrana, puntes incrustades de valenciennes o alen\u00e7on o fins i tot boixets. Tamb\u00e9 poden ser amb encaix de Brussel\u00b7les o pointe rose (punt de rosa) entre altres. Estes mantellines hauran d\u2019estar en mans de les Falleres Majors de Val\u00e8ncia, com a m\u00e0xim, la primer quinzena de gener de 2027.<\/p>\n<p>Pel que fa a les mantellines per a les Corts d&#8217;Honor, la seua forma haur\u00e0 de ser de mitja lluna en color ivori o cru amb mesures ajustades per a les infantils (120&#215;65 cm) i les majors (180&#215;83 cm). Respecte als motius decoratius podran ser com en el cas de les de les Falleres Majors de Val\u00e8ncia i la seua data de lliurament ser\u00e0 la mateixa, la primera quinzena de gener de 2027.<\/p>\n<p>Amb tot a\u00e7\u00f2, es demostra que des de Junta Central Fallera es continua treballant per dotar a les nostres m\u00e0ximes representants d\u2019una gran indument\u00e0ria oficial, dignificant aix\u00ed el treball de tots aquells professionals que dediquen el seu esfor\u00e7 i talent a vestir a les FFMMV i les seues Corts d\u2019Honor.[\/vc_column_text][\/vc_column][\/vc_row][vc_row type=&#8221;in_container&#8221; full_screen_row_position=&#8221;middle&#8221; column_margin=&#8221;default&#8221; column_direction=&#8221;default&#8221; column_direction_tablet=&#8221;default&#8221; column_direction_phone=&#8221;default&#8221; scene_position=&#8221;center&#8221; text_color=&#8221;dark&#8221; text_align=&#8221;left&#8221; row_border_radius=&#8221;none&#8221; row_border_radius_applies=&#8221;bg&#8221; overflow=&#8221;visible&#8221; overlay_strength=&#8221;0.3&#8243; gradient_direction=&#8221;left_to_right&#8221; shape_divider_position=&#8221;bottom&#8221; bg_image_animation=&#8221;none&#8221;][vc_column column_padding=&#8221;no-extra-padding&#8221; column_padding_tablet=&#8221;inherit&#8221; column_padding_phone=&#8221;inherit&#8221; column_padding_position=&#8221;all&#8221; column_element_direction_desktop=&#8221;default&#8221; column_element_spacing=&#8221;default&#8221; desktop_text_alignment=&#8221;default&#8221; tablet_text_alignment=&#8221;default&#8221; phone_text_alignment=&#8221;default&#8221; background_color_opacity=&#8221;1&#8243; background_hover_color_opacity=&#8221;1&#8243; column_backdrop_filter=&#8221;none&#8221; column_shadow=&#8221;none&#8221; column_border_radius=&#8221;none&#8221; column_link_target=&#8221;_self&#8221; column_position=&#8221;default&#8221; gradient_direction=&#8221;left_to_right&#8221; overlay_strength=&#8221;0.3&#8243; width=&#8221;1\/1&#8243; tablet_width_inherit=&#8221;default&#8221; animation_type=&#8221;default&#8221; bg_image_animation=&#8221;none&#8221; border_type=&#8221;simple&#8221; column_border_width=&#8221;none&#8221; column_border_style=&#8221;solid&#8221;][vc_gallery css=&#8221;&#8221; type=&#8221;nectarslider_style&#8221; image_loading=&#8221;default&#8221; ns_image_rendering=&#8221;default&#8221; ns_image_aspect_ratio=&#8221;16-9&#8243; bullet_navigation_style=&#8221;see_through&#8221; onclick=&#8221;link_image&#8221;][\/vc_column][\/vc_row][vc_row type=&#8221;in_container&#8221; full_screen_row_position=&#8221;middle&#8221; column_margin=&#8221;default&#8221; column_direction=&#8221;default&#8221; column_direction_tablet=&#8221;default&#8221; column_direction_phone=&#8221;default&#8221; scene_position=&#8221;center&#8221; text_color=&#8221;dark&#8221; text_align=&#8221;left&#8221; row_border_radius=&#8221;none&#8221; row_border_radius_applies=&#8221;bg&#8221; overflow=&#8221;visible&#8221; overlay_strength=&#8221;0.3&#8243; gradient_direction=&#8221;left_to_right&#8221; shape_divider_position=&#8221;bottom&#8221; bg_image_animation=&#8221;none&#8221;][vc_column column_padding=&#8221;no-extra-padding&#8221; column_padding_tablet=&#8221;inherit&#8221; column_padding_phone=&#8221;inherit&#8221; column_padding_position=&#8221;all&#8221; column_element_direction_desktop=&#8221;default&#8221; column_element_spacing=&#8221;default&#8221; desktop_text_alignment=&#8221;default&#8221; tablet_text_alignment=&#8221;default&#8221; phone_text_alignment=&#8221;default&#8221; background_color_opacity=&#8221;1&#8243; background_hover_color_opacity=&#8221;1&#8243; column_backdrop_filter=&#8221;none&#8221; column_shadow=&#8221;none&#8221; column_border_radius=&#8221;none&#8221; column_link_target=&#8221;_self&#8221; column_position=&#8221;default&#8221; gradient_direction=&#8221;left_to_right&#8221; overlay_strength=&#8221;0.3&#8243; width=&#8221;1\/1&#8243; tablet_width_inherit=&#8221;default&#8221; animation_type=&#8221;default&#8221; bg_image_animation=&#8221;none&#8221; border_type=&#8221;simple&#8221; column_border_width=&#8221;none&#8221; column_border_style=&#8221;solid&#8221;][vc_column_text css=&#8221;&#8221; text_direction=&#8221;default&#8221;]Fotografies: Fotofilmax (JCF)[\/vc_column_text][\/vc_column][\/vc_row]\n","protected":false},"excerpt":{"rendered":"<p>[vc_row type=&#8221;in_container&#8221; full_screen_row_position=&#8221;middle&#8221; column_margin=&#8221;default&#8221; column_direction=&#8221;default&#8221; column_direction_tablet=&#8221;default&#8221; column_direction_phone=&#8221;default&#8221; scene_position=&#8221;center&#8221; text_color=&#8221;dark&#8221; text_align=&#8221;left&#8221; row_border_radius=&#8221;none&#8221; row_border_radius_applies=&#8221;bg&#8221; overflow=&#8221;visible&#8221; overlay_strength=&#8221;0.3&#8243; gradient_direction=&#8221;left_to_right&#8221; shape_divider_position=&#8221;bottom&#8221; bg_image_animation=&#8221;none&#8221;][vc_column column_padding=&#8221;no-extra-padding&#8221; column_padding_tablet=&#8221;inherit&#8221; column_padding_phone=&#8221;inherit&#8221; column_padding_position=&#8221;all&#8221; column_element_direction_desktop=&#8221;default&#8221; column_element_spacing=&#8221;default&#8221; desktop_text_alignment=&#8221;default&#8221; tablet_text_alignment=&#8221;default&#8221; phone_text_alignment=&#8221;default&#8221; background_color_opacity=&#8221;1&#8243; background_hover_color_opacity=&#8221;1&#8243; column_backdrop_filter=&#8221;none&#8221; column_shadow=&#8221;none&#8221;&#8230;<\/p>\n","protected":false},"author":148,"featured_media":214568,"comment_status":"closed","ping_status":"closed","sticky":false,"template":"","format":"standard","meta":{"footnotes":""},"categories":[309],"tags":[],"class_list":{"0":"post-214569","1":"post","2":"type-post","3":"status-publish","4":"format-standard","5":"has-post-thumbnail","7":"category-noticias-va"},"_links":{"self":[{"href":"https:\/\/fallas.com\/va\/wp-json\/wp\/v2\/posts\/214569","targetHints":{"allow":["GET"]}}],"collection":[{"href":"https:\/\/fallas.com\/va\/wp-json\/wp\/v2\/posts"}],"about":[{"href":"https:\/\/fallas.com\/va\/wp-json\/wp\/v2\/types\/post"}],"author":[{"embeddable":true,"href":"https:\/\/fallas.com\/va\/wp-json\/wp\/v2\/users\/148"}],"replies":[{"embeddable":true,"href":"https:\/\/fallas.com\/va\/wp-json\/wp\/v2\/comments?post=214569"}],"version-history":[{"count":4,"href":"https:\/\/fallas.com\/va\/wp-json\/wp\/v2\/posts\/214569\/revisions"}],"predecessor-version":[{"id":214573,"href":"https:\/\/fallas.com\/va\/wp-json\/wp\/v2\/posts\/214569\/revisions\/214573"}],"wp:featuredmedia":[{"embeddable":true,"href":"https:\/\/fallas.com\/va\/wp-json\/wp\/v2\/media\/214568"}],"wp:attachment":[{"href":"https:\/\/fallas.com\/va\/wp-json\/wp\/v2\/media?parent=214569"}],"wp:term":[{"taxonomy":"category","embeddable":true,"href":"https:\/\/fallas.com\/va\/wp-json\/wp\/v2\/categories?post=214569"},{"taxonomy":"post_tag","embeddable":true,"href":"https:\/\/fallas.com\/va\/wp-json\/wp\/v2\/tags?post=214569"}],"curies":[{"name":"wp","href":"https:\/\/api.w.org\/{rel}","templated":true}]}}