{"id":214883,"date":"2026-04-28T23:55:19","date_gmt":"2026-04-28T22:55:19","guid":{"rendered":"https:\/\/www.fallas.com\/?p=214883"},"modified":"2026-04-29T22:57:03","modified_gmt":"2026-04-29T21:57:03","slug":"la-participacio-anual-en-esdeveniments-folklorics-clau-per-a-ballar-la-dansa-2026","status":"publish","type":"post","link":"https:\/\/fallas.com\/va\/la-participacio-anual-en-esdeveniments-folklorics-clau-per-a-ballar-la-dansa-2026\/","title":{"rendered":"La participaci\u00f3 anual en esdeveniments folkl\u00f2rics clau per a ballar la Dans\u00e0 2026"},"content":{"rendered":"[vc_row type=&#8221;in_container&#8221; full_screen_row_position=&#8221;middle&#8221; column_margin=&#8221;default&#8221; column_direction=&#8221;default&#8221; column_direction_tablet=&#8221;default&#8221; column_direction_phone=&#8221;default&#8221; scene_position=&#8221;center&#8221; text_color=&#8221;dark&#8221; text_align=&#8221;left&#8221; row_border_radius=&#8221;none&#8221; row_border_radius_applies=&#8221;bg&#8221; overflow=&#8221;visible&#8221; overlay_strength=&#8221;0.3&#8243; gradient_direction=&#8221;left_to_right&#8221; shape_divider_position=&#8221;bottom&#8221; bg_image_animation=&#8221;none&#8221;][vc_column column_padding=&#8221;no-extra-padding&#8221; column_padding_tablet=&#8221;inherit&#8221; column_padding_phone=&#8221;inherit&#8221; column_padding_position=&#8221;all&#8221; column_element_direction_desktop=&#8221;default&#8221; column_element_spacing=&#8221;default&#8221; desktop_text_alignment=&#8221;default&#8221; tablet_text_alignment=&#8221;default&#8221; phone_text_alignment=&#8221;default&#8221; background_color_opacity=&#8221;1&#8243; background_hover_color_opacity=&#8221;1&#8243; column_backdrop_filter=&#8221;none&#8221; column_shadow=&#8221;none&#8221; column_border_radius=&#8221;none&#8221; column_link_target=&#8221;_self&#8221; column_position=&#8221;default&#8221; gradient_direction=&#8221;left_to_right&#8221; overlay_strength=&#8221;0.3&#8243; width=&#8221;1\/1&#8243; tablet_width_inherit=&#8221;default&#8221; animation_type=&#8221;default&#8221; bg_image_animation=&#8221;none&#8221; border_type=&#8221;simple&#8221; column_border_width=&#8221;none&#8221; column_border_style=&#8221;solid&#8221;][vc_column_text css=&#8221;&#8221; text_direction=&#8221;default&#8221;]\nLa promoci\u00f3 i divulgaci\u00f3 de la cultura valenciana \u00e9s un dels objectius que, des de la Delegaci\u00f3 de Cultura i Solidaritat de Junta Central Fallera, es persegueix. Enguany, davant el repte d&#8217;organitzar la Dans\u00e0 de les Falles a la Mare de D\u00e9u amb limitaci\u00f3 d&#8217;aforament a la pla\u00e7a, i afegint l&#8217;espectacular creixement de l&#8217;activitat de balls regionals que desenvolupen m\u00e9s de 170 comissions, s&#8217;ha dut a terme un concurs de m\u00e8rits per a donar cabuda a un total de 130 quadres que participaran i ballaran en eixa Dans\u00e0 del pr\u00f2xim 8 de maig.<\/p>\n<p>El resultat ha sigut tot un \u00e8xit. En el per\u00edode que compr\u00e9n des del 20 de mar\u00e7 de 2025 fins al 19 de mar\u00e7 de 2026 hi ha hagut m\u00e9s d&#8217;un centenar d&#8217;esdeveniments organitzats per les falles postulants i m\u00e9s de 800 participacions per part de les falles inscrites en el proc\u00e9s. Esdeveniments com mostres, <em>saraos<\/em> o dansaes han ajudat a millorar la promoci\u00f3 i divulgaci\u00f3 d el folklore valenci\u00e0 a la nostra ciutat, portant-lo a cada barriada de la m\u00e0 de les pr\u00f2pies comissions falleres.<\/p>\n<p>Les falles han donat una resposta admirable a la proposta, de fet, 12 dels grups de ball que es lluiran en la pla\u00e7a no tenen antiguitat en participaci\u00f3 en Balls al Carrer, que abans d&#8217;este nou format, era l&#8217;\u00fanic criteri que es tenia en compte per a poder ballar la cotitzada Dans\u00e0. I a m\u00e9s, falles com ara Bail\u00e9n-X\u00e0tiva, Sant Rafael-Anton Mart\u00edn, Joaquim Costa-Comte d\u2019Altea o Pla\u00e7a del Mercat Central que a penes compten amb antiguitat, s&#8217;han assegurat la pla\u00e7a a for\u00e7a d&#8217;acumular m\u00e8rits, sent un clar exemple de com l\u2019esfor\u00e7 i la participaci\u00f3 els han donat l\u2019oportunitat de ballar la Dans\u00e0 de les Falles a la Mare de D\u00e9u.<\/p>\n<p>D\u2019altra banda, grups de balls veterans en Balls al Carrer, com els de les comissions Almirall Cadarso-Comte d\u2019Altea, Pla\u00e7a Bisbe Amig\u00f3-Conca, Mont de Pietat o Barri de la Llum han sigut els que, fins i tot comptant amb molt\u00edssima antiguitat, tamb\u00e9 han liderat els punts per activitat, tant en organitzaci\u00f3 com en participaci\u00f3.<\/p>\n<p>Les dades d\u2019enguany al Festival de Balls al Carrer han sigut espectaculars. El passat 26 d&#8217;abril es va clausurar este exercici amb una participaci\u00f3 total de 164 grups de ball que, des del mes d\u2019octubre, han amenitzat els matins dels diumenges en el centre de la ciutat. Unes trobades on tamb\u00e9 s\u2019ha pogut disfrutar de la m\u00fasica en directe del grup de Cant d\u2019Estil i de la Colla de Tabal i Dol\u00e7aina de JCF, que ja compta amb m\u00e9s de 60 integrants, entre els quals, hi ha xiquets i xiquetes que estan aprenent en l\u00b4Escola de JCF.<\/p>\n<p>Amb tot a\u00e7\u00f2, Junta Central Fallera continua apostant per la cultura i este exercici ha sigut una bona mostra. El nou format de participaci\u00f3 en la Dans\u00e0 ha arribat per a quedar-se perqu\u00e8 l\u2019objectiu no es altre que reafirmar la pres\u00e8ncia del folklore valenci\u00e0 que, ara per ara, disfruta de millor salut que mai.<br \/>\n[\/vc_column_text][\/vc_column][\/vc_row]\n","protected":false},"excerpt":{"rendered":"<p>[vc_row type=&#8221;in_container&#8221; full_screen_row_position=&#8221;middle&#8221; column_margin=&#8221;default&#8221; column_direction=&#8221;default&#8221; column_direction_tablet=&#8221;default&#8221; column_direction_phone=&#8221;default&#8221; scene_position=&#8221;center&#8221; text_color=&#8221;dark&#8221; text_align=&#8221;left&#8221; row_border_radius=&#8221;none&#8221; row_border_radius_applies=&#8221;bg&#8221; overflow=&#8221;visible&#8221; overlay_strength=&#8221;0.3&#8243; gradient_direction=&#8221;left_to_right&#8221; shape_divider_position=&#8221;bottom&#8221; bg_image_animation=&#8221;none&#8221;][vc_column column_padding=&#8221;no-extra-padding&#8221; column_padding_tablet=&#8221;inherit&#8221; column_padding_phone=&#8221;inherit&#8221; column_padding_position=&#8221;all&#8221; column_element_direction_desktop=&#8221;default&#8221; column_element_spacing=&#8221;default&#8221; desktop_text_alignment=&#8221;default&#8221; tablet_text_alignment=&#8221;default&#8221; phone_text_alignment=&#8221;default&#8221; background_color_opacity=&#8221;1&#8243; background_hover_color_opacity=&#8221;1&#8243; column_backdrop_filter=&#8221;none&#8221; column_shadow=&#8221;none&#8221;&#8230;<\/p>\n","protected":false},"author":148,"featured_media":214889,"comment_status":"closed","ping_status":"closed","sticky":false,"template":"","format":"standard","meta":{"footnotes":""},"categories":[651,309],"tags":[],"class_list":{"0":"post-214883","1":"post","2":"type-post","3":"status-publish","4":"format-standard","5":"has-post-thumbnail","7":"category-cultura-va","8":"category-noticias-va"},"_links":{"self":[{"href":"https:\/\/fallas.com\/va\/wp-json\/wp\/v2\/posts\/214883","targetHints":{"allow":["GET"]}}],"collection":[{"href":"https:\/\/fallas.com\/va\/wp-json\/wp\/v2\/posts"}],"about":[{"href":"https:\/\/fallas.com\/va\/wp-json\/wp\/v2\/types\/post"}],"author":[{"embeddable":true,"href":"https:\/\/fallas.com\/va\/wp-json\/wp\/v2\/users\/148"}],"replies":[{"embeddable":true,"href":"https:\/\/fallas.com\/va\/wp-json\/wp\/v2\/comments?post=214883"}],"version-history":[{"count":6,"href":"https:\/\/fallas.com\/va\/wp-json\/wp\/v2\/posts\/214883\/revisions"}],"predecessor-version":[{"id":214891,"href":"https:\/\/fallas.com\/va\/wp-json\/wp\/v2\/posts\/214883\/revisions\/214891"}],"wp:featuredmedia":[{"embeddable":true,"href":"https:\/\/fallas.com\/va\/wp-json\/wp\/v2\/media\/214889"}],"wp:attachment":[{"href":"https:\/\/fallas.com\/va\/wp-json\/wp\/v2\/media?parent=214883"}],"wp:term":[{"taxonomy":"category","embeddable":true,"href":"https:\/\/fallas.com\/va\/wp-json\/wp\/v2\/categories?post=214883"},{"taxonomy":"post_tag","embeddable":true,"href":"https:\/\/fallas.com\/va\/wp-json\/wp\/v2\/tags?post=214883"}],"curies":[{"name":"wp","href":"https:\/\/api.w.org\/{rel}","templated":true}]}}